{"id":362,"date":"2022-01-25T10:49:23","date_gmt":"2022-01-25T09:49:23","guid":{"rendered":"http:\/\/gihat.org\/?p=362"},"modified":"2022-01-25T10:50:43","modified_gmt":"2022-01-25T09:50:43","slug":"mujeres-y-anarquismo-en-cuba","status":"publish","type":"post","link":"https:\/\/gihat.org\/index.php\/2022\/01\/25\/mujeres-y-anarquismo-en-cuba\/","title":{"rendered":"Mujeres y anarquismo en Cuba"},"content":{"rendered":"\n<p>Convocamos a una nueva sesi\u00f3n de nuestros seminarios, en esta ocasi\u00f3n el mi\u00e9rcoles d\u00eda 2 de febrero con un texto de Amparo S\u00e1nchez Cobos sobre <em>Mujeres y anarquismo en Cuba: una mirada transnacional desde \u00a1Tierra! (1902-1915).<\/em> Haremos la sesi\u00f3n on-line comenzando a las 17.30. El comentario principal correr\u00e1 a cargo de Teresa Abell\u00f3 G\u00fcell (Universitat de Barcelona). Os esperamos.\u00a0<\/p>\n\n\n\n<div class=\"wp-block-image is-style-default\"><figure class=\"aligncenter size-large is-resized\"><img loading=\"lazy\" src=\"http:\/\/gihat.org\/wp-content\/uploads\/2022\/01\/El-Productor.jpg\" alt=\"\" class=\"wp-image-363\" width=\"374\" height=\"437\" srcset=\"https:\/\/gihat.org\/wp-content\/uploads\/2022\/01\/El-Productor.jpg 500w, https:\/\/gihat.org\/wp-content\/uploads\/2022\/01\/El-Productor-257x300.jpg 257w\" sizes=\"(max-width: 374px) 100vw, 374px\" \/><figcaption>Portada del peri\u00f3dico\u00a0<em>El Productor<\/em><\/figcaption><\/figure><\/div>\n","protected":false},"excerpt":{"rendered":"<p>Convocamos a una nueva sesi\u00f3n de nuestros seminarios, en esta ocasi\u00f3n el mi\u00e9rcoles d\u00eda 2 de febrero con un texto de Amparo S\u00e1nchez Cobos sobre Mujeres y anarquismo en Cuba: una mirada transnacional desde \u00a1Tierra! (1902-1915). Haremos la sesi\u00f3n on-line comenzando a las 17.30. El comentario principal correr\u00e1 a cargo de Teresa Abell\u00f3 G\u00fcell (Universitat&hellip;&nbsp;<a href=\"https:\/\/gihat.org\/index.php\/2022\/01\/25\/mujeres-y-anarquismo-en-cuba\/\" class=\"\" rel=\"bookmark\">Leer m\u00e1s &raquo;<span class=\"screen-reader-text\">Mujeres y anarquismo en Cuba<\/span><\/a><\/p>\n","protected":false},"author":1,"featured_media":0,"comment_status":"closed","ping_status":"open","sticky":false,"template":"","format":"standard","meta":{"neve_meta_sidebar":"","neve_meta_container":"","neve_meta_enable_content_width":"","neve_meta_content_width":0,"neve_meta_title_alignment":"","neve_meta_author_avatar":"","neve_post_elements_order":"","neve_meta_disable_header":"","neve_meta_disable_footer":"","neve_meta_disable_title":""},"categories":[1],"tags":[],"yoast_head":"<!-- This site is optimized with the Yoast SEO plugin v18.4.1 - https:\/\/yoast.com\/wordpress\/plugins\/seo\/ -->\n<title>Mujeres y anarquismo en Cuba -<\/title>\n<meta name=\"description\" content=\"Seminario sobre Mujeres y anarquismo en Cuba\" \/>\n<meta name=\"robots\" content=\"index, follow, max-snippet:-1, max-image-preview:large, max-video-preview:-1\" \/>\n<link rel=\"canonical\" href=\"http:\/\/gihat.org\/index.php\/2022\/01\/25\/mujeres-y-anarquismo-en-cuba\/\" \/>\n<meta property=\"og:locale\" content=\"es_ES\" \/>\n<meta property=\"og:type\" content=\"article\" \/>\n<meta property=\"og:title\" content=\"Mujeres y anarquismo en Cuba -\" \/>\n<meta property=\"og:description\" content=\"Seminario sobre Mujeres y anarquismo en Cuba\" \/>\n<meta property=\"og:url\" content=\"http:\/\/gihat.org\/index.php\/2022\/01\/25\/mujeres-y-anarquismo-en-cuba\/\" \/>\n<meta property=\"article:published_time\" content=\"2022-01-25T09:49:23+00:00\" \/>\n<meta property=\"article:modified_time\" content=\"2022-01-25T09:50:43+00:00\" \/>\n<meta property=\"og:image\" content=\"http:\/\/gihat.org\/wp-content\/uploads\/2022\/01\/El-Productor.jpg\" \/>\n<meta name=\"twitter:card\" content=\"summary_large_image\" \/>\n<meta name=\"twitter:label1\" content=\"Escrito por\" \/>\n\t<meta name=\"twitter:data1\" content=\"GIHAT\" \/>\n\t<meta name=\"twitter:label2\" content=\"Tiempo de lectura\" \/>\n\t<meta name=\"twitter:data2\" content=\"1 minuto\" \/>\n<script type=\"application\/ld+json\" class=\"yoast-schema-graph\">{\"@context\":\"https:\/\/schema.org\",\"@graph\":[{\"@type\":\"Organization\",\"@id\":\"https:\/\/gihat.org\/#organization\",\"name\":\"GIHAT, Grupo de Investigaci\u00f3n de Historia del Anarquismo Transnacional\",\"url\":\"https:\/\/gihat.org\/\",\"sameAs\":[],\"logo\":{\"@type\":\"ImageObject\",\"@id\":\"https:\/\/gihat.org\/#logo\",\"inLanguage\":\"es\",\"url\":\"http:\/\/gihat.org\/wp-content\/uploads\/2021\/04\/cropped-Gihat-Logo-2.gif\",\"contentUrl\":\"http:\/\/gihat.org\/wp-content\/uploads\/2021\/04\/cropped-Gihat-Logo-2.gif\",\"width\":282,\"height\":90,\"caption\":\"GIHAT, Grupo de Investigaci\u00f3n de Historia del Anarquismo Transnacional\"},\"image\":{\"@id\":\"https:\/\/gihat.org\/#logo\"}},{\"@type\":\"WebSite\",\"@id\":\"https:\/\/gihat.org\/#website\",\"url\":\"https:\/\/gihat.org\/\",\"name\":\"\",\"description\":\"\",\"publisher\":{\"@id\":\"https:\/\/gihat.org\/#organization\"},\"potentialAction\":[{\"@type\":\"SearchAction\",\"target\":{\"@type\":\"EntryPoint\",\"urlTemplate\":\"https:\/\/gihat.org\/?s={search_term_string}\"},\"query-input\":\"required name=search_term_string\"}],\"inLanguage\":\"es\"},{\"@type\":\"ImageObject\",\"@id\":\"http:\/\/gihat.org\/index.php\/2022\/01\/25\/mujeres-y-anarquismo-en-cuba\/#primaryimage\",\"inLanguage\":\"es\",\"url\":\"https:\/\/gihat.org\/wp-content\/uploads\/2022\/01\/El-Productor.jpg\",\"contentUrl\":\"https:\/\/gihat.org\/wp-content\/uploads\/2022\/01\/El-Productor.jpg\",\"width\":500,\"height\":584},{\"@type\":\"WebPage\",\"@id\":\"http:\/\/gihat.org\/index.php\/2022\/01\/25\/mujeres-y-anarquismo-en-cuba\/#webpage\",\"url\":\"http:\/\/gihat.org\/index.php\/2022\/01\/25\/mujeres-y-anarquismo-en-cuba\/\",\"name\":\"Mujeres y anarquismo en Cuba -\",\"isPartOf\":{\"@id\":\"https:\/\/gihat.org\/#website\"},\"primaryImageOfPage\":{\"@id\":\"http:\/\/gihat.org\/index.php\/2022\/01\/25\/mujeres-y-anarquismo-en-cuba\/#primaryimage\"},\"datePublished\":\"2022-01-25T09:49:23+00:00\",\"dateModified\":\"2022-01-25T09:50:43+00:00\",\"description\":\"Seminario sobre Mujeres y anarquismo en Cuba\",\"breadcrumb\":{\"@id\":\"http:\/\/gihat.org\/index.php\/2022\/01\/25\/mujeres-y-anarquismo-en-cuba\/#breadcrumb\"},\"inLanguage\":\"es\",\"potentialAction\":[{\"@type\":\"ReadAction\",\"target\":[\"http:\/\/gihat.org\/index.php\/2022\/01\/25\/mujeres-y-anarquismo-en-cuba\/\"]}]},{\"@type\":\"BreadcrumbList\",\"@id\":\"http:\/\/gihat.org\/index.php\/2022\/01\/25\/mujeres-y-anarquismo-en-cuba\/#breadcrumb\",\"itemListElement\":[{\"@type\":\"ListItem\",\"position\":1,\"name\":\"Portada\",\"item\":\"https:\/\/gihat.org\/\"},{\"@type\":\"ListItem\",\"position\":2,\"name\":\"Mujeres y anarquismo en Cuba\"}]},{\"@type\":\"Article\",\"@id\":\"http:\/\/gihat.org\/index.php\/2022\/01\/25\/mujeres-y-anarquismo-en-cuba\/#article\",\"isPartOf\":{\"@id\":\"http:\/\/gihat.org\/index.php\/2022\/01\/25\/mujeres-y-anarquismo-en-cuba\/#webpage\"},\"author\":{\"@id\":\"https:\/\/gihat.org\/#\/schema\/person\/4b7e32cd0a34c1aa6264b301452be612\"},\"headline\":\"Mujeres y anarquismo en Cuba\",\"datePublished\":\"2022-01-25T09:49:23+00:00\",\"dateModified\":\"2022-01-25T09:50:43+00:00\",\"mainEntityOfPage\":{\"@id\":\"http:\/\/gihat.org\/index.php\/2022\/01\/25\/mujeres-y-anarquismo-en-cuba\/#webpage\"},\"wordCount\":75,\"publisher\":{\"@id\":\"https:\/\/gihat.org\/#organization\"},\"image\":{\"@id\":\"http:\/\/gihat.org\/index.php\/2022\/01\/25\/mujeres-y-anarquismo-en-cuba\/#primaryimage\"},\"thumbnailUrl\":\"http:\/\/gihat.org\/wp-content\/uploads\/2022\/01\/El-Productor.jpg\",\"articleSection\":[\"Non class\u00e9\"],\"inLanguage\":\"es\"},{\"@type\":\"Person\",\"@id\":\"https:\/\/gihat.org\/#\/schema\/person\/4b7e32cd0a34c1aa6264b301452be612\",\"name\":\"GIHAT\",\"image\":{\"@type\":\"ImageObject\",\"@id\":\"https:\/\/gihat.org\/#personlogo\",\"inLanguage\":\"es\",\"url\":\"https:\/\/secure.gravatar.com\/avatar\/47504cc703c5c628658d4294df80bdbb?s=96&d=mm&r=g\",\"contentUrl\":\"https:\/\/secure.gravatar.com\/avatar\/47504cc703c5c628658d4294df80bdbb?s=96&d=mm&r=g\",\"caption\":\"GIHAT\"},\"sameAs\":[\"http:\/\/gihat.org\"],\"url\":\"https:\/\/gihat.org\/index.php\/author\/admin2042\/\"}]}<\/script>\n<!-- \/ Yoast SEO plugin. -->","yoast_head_json":{"title":"Mujeres y anarquismo en Cuba -","description":"Seminario sobre Mujeres y anarquismo en Cuba","robots":{"index":"index","follow":"follow","max-snippet":"max-snippet:-1","max-image-preview":"max-image-preview:large","max-video-preview":"max-video-preview:-1"},"canonical":"http:\/\/gihat.org\/index.php\/2022\/01\/25\/mujeres-y-anarquismo-en-cuba\/","og_locale":"es_ES","og_type":"article","og_title":"Mujeres y anarquismo en Cuba -","og_description":"Seminario sobre Mujeres y anarquismo en Cuba","og_url":"http:\/\/gihat.org\/index.php\/2022\/01\/25\/mujeres-y-anarquismo-en-cuba\/","article_published_time":"2022-01-25T09:49:23+00:00","article_modified_time":"2022-01-25T09:50:43+00:00","og_image":[{"url":"http:\/\/gihat.org\/wp-content\/uploads\/2022\/01\/El-Productor.jpg"}],"twitter_card":"summary_large_image","twitter_misc":{"Escrito por":"GIHAT","Tiempo de lectura":"1 minuto"},"schema":{"@context":"https:\/\/schema.org","@graph":[{"@type":"Organization","@id":"https:\/\/gihat.org\/#organization","name":"GIHAT, Grupo de Investigaci\u00f3n de Historia del Anarquismo Transnacional","url":"https:\/\/gihat.org\/","sameAs":[],"logo":{"@type":"ImageObject","@id":"https:\/\/gihat.org\/#logo","inLanguage":"es","url":"http:\/\/gihat.org\/wp-content\/uploads\/2021\/04\/cropped-Gihat-Logo-2.gif","contentUrl":"http:\/\/gihat.org\/wp-content\/uploads\/2021\/04\/cropped-Gihat-Logo-2.gif","width":282,"height":90,"caption":"GIHAT, Grupo de Investigaci\u00f3n de Historia del Anarquismo Transnacional"},"image":{"@id":"https:\/\/gihat.org\/#logo"}},{"@type":"WebSite","@id":"https:\/\/gihat.org\/#website","url":"https:\/\/gihat.org\/","name":"","description":"","publisher":{"@id":"https:\/\/gihat.org\/#organization"},"potentialAction":[{"@type":"SearchAction","target":{"@type":"EntryPoint","urlTemplate":"https:\/\/gihat.org\/?s={search_term_string}"},"query-input":"required name=search_term_string"}],"inLanguage":"es"},{"@type":"ImageObject","@id":"http:\/\/gihat.org\/index.php\/2022\/01\/25\/mujeres-y-anarquismo-en-cuba\/#primaryimage","inLanguage":"es","url":"https:\/\/gihat.org\/wp-content\/uploads\/2022\/01\/El-Productor.jpg","contentUrl":"https:\/\/gihat.org\/wp-content\/uploads\/2022\/01\/El-Productor.jpg","width":500,"height":584},{"@type":"WebPage","@id":"http:\/\/gihat.org\/index.php\/2022\/01\/25\/mujeres-y-anarquismo-en-cuba\/#webpage","url":"http:\/\/gihat.org\/index.php\/2022\/01\/25\/mujeres-y-anarquismo-en-cuba\/","name":"Mujeres y anarquismo en Cuba -","isPartOf":{"@id":"https:\/\/gihat.org\/#website"},"primaryImageOfPage":{"@id":"http:\/\/gihat.org\/index.php\/2022\/01\/25\/mujeres-y-anarquismo-en-cuba\/#primaryimage"},"datePublished":"2022-01-25T09:49:23+00:00","dateModified":"2022-01-25T09:50:43+00:00","description":"Seminario sobre Mujeres y anarquismo en Cuba","breadcrumb":{"@id":"http:\/\/gihat.org\/index.php\/2022\/01\/25\/mujeres-y-anarquismo-en-cuba\/#breadcrumb"},"inLanguage":"es","potentialAction":[{"@type":"ReadAction","target":["http:\/\/gihat.org\/index.php\/2022\/01\/25\/mujeres-y-anarquismo-en-cuba\/"]}]},{"@type":"BreadcrumbList","@id":"http:\/\/gihat.org\/index.php\/2022\/01\/25\/mujeres-y-anarquismo-en-cuba\/#breadcrumb","itemListElement":[{"@type":"ListItem","position":1,"name":"Portada","item":"https:\/\/gihat.org\/"},{"@type":"ListItem","position":2,"name":"Mujeres y anarquismo en Cuba"}]},{"@type":"Article","@id":"http:\/\/gihat.org\/index.php\/2022\/01\/25\/mujeres-y-anarquismo-en-cuba\/#article","isPartOf":{"@id":"http:\/\/gihat.org\/index.php\/2022\/01\/25\/mujeres-y-anarquismo-en-cuba\/#webpage"},"author":{"@id":"https:\/\/gihat.org\/#\/schema\/person\/4b7e32cd0a34c1aa6264b301452be612"},"headline":"Mujeres y anarquismo en Cuba","datePublished":"2022-01-25T09:49:23+00:00","dateModified":"2022-01-25T09:50:43+00:00","mainEntityOfPage":{"@id":"http:\/\/gihat.org\/index.php\/2022\/01\/25\/mujeres-y-anarquismo-en-cuba\/#webpage"},"wordCount":75,"publisher":{"@id":"https:\/\/gihat.org\/#organization"},"image":{"@id":"http:\/\/gihat.org\/index.php\/2022\/01\/25\/mujeres-y-anarquismo-en-cuba\/#primaryimage"},"thumbnailUrl":"http:\/\/gihat.org\/wp-content\/uploads\/2022\/01\/El-Productor.jpg","articleSection":["Non class\u00e9"],"inLanguage":"es"},{"@type":"Person","@id":"https:\/\/gihat.org\/#\/schema\/person\/4b7e32cd0a34c1aa6264b301452be612","name":"GIHAT","image":{"@type":"ImageObject","@id":"https:\/\/gihat.org\/#personlogo","inLanguage":"es","url":"https:\/\/secure.gravatar.com\/avatar\/47504cc703c5c628658d4294df80bdbb?s=96&d=mm&r=g","contentUrl":"https:\/\/secure.gravatar.com\/avatar\/47504cc703c5c628658d4294df80bdbb?s=96&d=mm&r=g","caption":"GIHAT"},"sameAs":["http:\/\/gihat.org"],"url":"https:\/\/gihat.org\/index.php\/author\/admin2042\/"}]}},"_links":{"self":[{"href":"https:\/\/gihat.org\/index.php\/wp-json\/wp\/v2\/posts\/362"}],"collection":[{"href":"https:\/\/gihat.org\/index.php\/wp-json\/wp\/v2\/posts"}],"about":[{"href":"https:\/\/gihat.org\/index.php\/wp-json\/wp\/v2\/types\/post"}],"author":[{"embeddable":true,"href":"https:\/\/gihat.org\/index.php\/wp-json\/wp\/v2\/users\/1"}],"replies":[{"embeddable":true,"href":"https:\/\/gihat.org\/index.php\/wp-json\/wp\/v2\/comments?post=362"}],"version-history":[{"count":1,"href":"https:\/\/gihat.org\/index.php\/wp-json\/wp\/v2\/posts\/362\/revisions"}],"predecessor-version":[{"id":364,"href":"https:\/\/gihat.org\/index.php\/wp-json\/wp\/v2\/posts\/362\/revisions\/364"}],"wp:attachment":[{"href":"https:\/\/gihat.org\/index.php\/wp-json\/wp\/v2\/media?parent=362"}],"wp:term":[{"taxonomy":"category","embeddable":true,"href":"https:\/\/gihat.org\/index.php\/wp-json\/wp\/v2\/categories?post=362"},{"taxonomy":"post_tag","embeddable":true,"href":"https:\/\/gihat.org\/index.php\/wp-json\/wp\/v2\/tags?post=362"}],"curies":[{"name":"wp","href":"https:\/\/api.w.org\/{rel}","templated":true}]}}