{"id":436,"date":"2024-04-08T16:55:19","date_gmt":"2024-04-08T14:55:19","guid":{"rendered":"https:\/\/gihat.org\/?p=436"},"modified":"2024-04-10T19:55:10","modified_gmt":"2024-04-10T17:55:10","slug":"presentacion-del-libro-el-anarquista-errante","status":"publish","type":"post","link":"https:\/\/gihat.org\/index.php\/2024\/04\/08\/presentacion-del-libro-el-anarquista-errante\/","title":{"rendered":"Aplazada la presentaci\u00f3n del libro \u00abEl anarquista errante\u00bb"},"content":{"rendered":"\n<p class=\"has-medium-font-size\">La presentaci\u00f3n del libro<br><br><strong><em>El anarquista errante<\/em><\/strong> <br><strong><em>La aventura transatl\u00e1ntica del tip\u00f3grafo Pedro Esteve (1865-1925) <br><\/em><\/strong>de Susana Sueiro Seoane<\/p>\n\n\n\n<p>que estaba prevista para el jueves, 11 de abril de 2024 ha tenido que ser aplazada. Les informaremos cuando se confirme una nueva fecha.<\/p>\n\n\n\n<p>M\u00e1s informaci\u00f3n del libro:<br><a href=\"https:\/\/www.marcialpons.es\/libros\/el-anarquista-errante\/9788418752827\/\" target=\"_blank\" rel=\"noreferrer noopener\">https:\/\/www.marcialpons.es\/libros\/el-anarquista-errante\/9788418752827\/<\/a><\/p>\n\n\n\n<figure class=\"wp-block-image size-large is-style-default\"><img loading=\"lazy\" width=\"537\" height=\"808\" src=\"http:\/\/gihat.org\/wp-content\/uploads\/2024\/04\/Portada-Anarquista-Errante.jpg\" alt=\"\" class=\"wp-image-444\" srcset=\"https:\/\/gihat.org\/wp-content\/uploads\/2024\/04\/Portada-Anarquista-Errante.jpg 537w, https:\/\/gihat.org\/wp-content\/uploads\/2024\/04\/Portada-Anarquista-Errante-199x300.jpg 199w\" sizes=\"(max-width: 537px) 100vw, 537px\" \/><\/figure>\n","protected":false},"excerpt":{"rendered":"<p>La presentaci\u00f3n del libro El anarquista errante La aventura transatl\u00e1ntica del tip\u00f3grafo Pedro Esteve (1865-1925) de Susana Sueiro Seoane que estaba prevista para el jueves, 11 de abril de 2024 ha tenido que ser aplazada. Les informaremos cuando se confirme una nueva fecha. M\u00e1s informaci\u00f3n del libro:https:\/\/www.marcialpons.es\/libros\/el-anarquista-errante\/9788418752827\/<\/p>\n","protected":false},"author":1,"featured_media":0,"comment_status":"closed","ping_status":"closed","sticky":false,"template":"","format":"standard","meta":{"neve_meta_sidebar":"","neve_meta_container":"","neve_meta_enable_content_width":"","neve_meta_content_width":0,"neve_meta_title_alignment":"","neve_meta_author_avatar":"","neve_post_elements_order":"","neve_meta_disable_header":"","neve_meta_disable_footer":"","neve_meta_disable_title":""},"categories":[1],"tags":[],"yoast_head":"<!-- This site is optimized with the Yoast SEO plugin v18.4.1 - https:\/\/yoast.com\/wordpress\/plugins\/seo\/ -->\n<title>Aplazada la presentaci\u00f3n del libro &quot;El anarquista errante&quot; -<\/title>\n<meta name=\"robots\" content=\"index, follow, max-snippet:-1, max-image-preview:large, max-video-preview:-1\" \/>\n<link rel=\"canonical\" href=\"https:\/\/gihat.org\/index.php\/2024\/04\/08\/presentacion-del-libro-el-anarquista-errante\/\" \/>\n<meta property=\"og:locale\" content=\"es_ES\" \/>\n<meta property=\"og:type\" content=\"article\" \/>\n<meta property=\"og:title\" content=\"Aplazada la presentaci\u00f3n del libro &quot;El anarquista errante&quot; -\" \/>\n<meta property=\"og:description\" content=\"La presentaci\u00f3n del libro El anarquista errante La aventura transatl\u00e1ntica del tip\u00f3grafo Pedro Esteve (1865-1925) de Susana Sueiro Seoane que estaba prevista para el jueves, 11 de abril de 2024 ha tenido que ser aplazada. Les informaremos cuando se confirme una nueva fecha. M\u00e1s informaci\u00f3n del libro:https:\/\/www.marcialpons.es\/libros\/el-anarquista-errante\/9788418752827\/\" \/>\n<meta property=\"og:url\" content=\"https:\/\/gihat.org\/index.php\/2024\/04\/08\/presentacion-del-libro-el-anarquista-errante\/\" \/>\n<meta property=\"article:published_time\" content=\"2024-04-08T14:55:19+00:00\" \/>\n<meta property=\"article:modified_time\" content=\"2024-04-10T17:55:10+00:00\" \/>\n<meta property=\"og:image\" content=\"http:\/\/gihat.org\/wp-content\/uploads\/2024\/04\/Portada-Anarquista-Errante.jpg\" \/>\n<meta name=\"twitter:card\" content=\"summary_large_image\" \/>\n<meta name=\"twitter:label1\" content=\"Escrito por\" \/>\n\t<meta name=\"twitter:data1\" content=\"GIHAT\" \/>\n\t<meta name=\"twitter:label2\" content=\"Tiempo de lectura\" \/>\n\t<meta name=\"twitter:data2\" content=\"1 minuto\" \/>\n<script type=\"application\/ld+json\" class=\"yoast-schema-graph\">{\"@context\":\"https:\/\/schema.org\",\"@graph\":[{\"@type\":\"Organization\",\"@id\":\"https:\/\/gihat.org\/#organization\",\"name\":\"GIHAT, Grupo de Investigaci\u00f3n de Historia del Anarquismo Transnacional\",\"url\":\"https:\/\/gihat.org\/\",\"sameAs\":[],\"logo\":{\"@type\":\"ImageObject\",\"@id\":\"https:\/\/gihat.org\/#logo\",\"inLanguage\":\"es\",\"url\":\"http:\/\/gihat.org\/wp-content\/uploads\/2021\/04\/cropped-Gihat-Logo-2.gif\",\"contentUrl\":\"http:\/\/gihat.org\/wp-content\/uploads\/2021\/04\/cropped-Gihat-Logo-2.gif\",\"width\":282,\"height\":90,\"caption\":\"GIHAT, Grupo de Investigaci\u00f3n de Historia del Anarquismo Transnacional\"},\"image\":{\"@id\":\"https:\/\/gihat.org\/#logo\"}},{\"@type\":\"WebSite\",\"@id\":\"https:\/\/gihat.org\/#website\",\"url\":\"https:\/\/gihat.org\/\",\"name\":\"\",\"description\":\"\",\"publisher\":{\"@id\":\"https:\/\/gihat.org\/#organization\"},\"potentialAction\":[{\"@type\":\"SearchAction\",\"target\":{\"@type\":\"EntryPoint\",\"urlTemplate\":\"https:\/\/gihat.org\/?s={search_term_string}\"},\"query-input\":\"required name=search_term_string\"}],\"inLanguage\":\"es\"},{\"@type\":\"ImageObject\",\"@id\":\"https:\/\/gihat.org\/index.php\/2024\/04\/08\/presentacion-del-libro-el-anarquista-errante\/#primaryimage\",\"inLanguage\":\"es\",\"url\":\"https:\/\/gihat.org\/wp-content\/uploads\/2024\/04\/Portada-Anarquista-Errante.jpg\",\"contentUrl\":\"https:\/\/gihat.org\/wp-content\/uploads\/2024\/04\/Portada-Anarquista-Errante.jpg\",\"width\":537,\"height\":808},{\"@type\":\"WebPage\",\"@id\":\"https:\/\/gihat.org\/index.php\/2024\/04\/08\/presentacion-del-libro-el-anarquista-errante\/#webpage\",\"url\":\"https:\/\/gihat.org\/index.php\/2024\/04\/08\/presentacion-del-libro-el-anarquista-errante\/\",\"name\":\"Aplazada la presentaci\u00f3n del libro \\\"El anarquista errante\\\" -\",\"isPartOf\":{\"@id\":\"https:\/\/gihat.org\/#website\"},\"primaryImageOfPage\":{\"@id\":\"https:\/\/gihat.org\/index.php\/2024\/04\/08\/presentacion-del-libro-el-anarquista-errante\/#primaryimage\"},\"datePublished\":\"2024-04-08T14:55:19+00:00\",\"dateModified\":\"2024-04-10T17:55:10+00:00\",\"breadcrumb\":{\"@id\":\"https:\/\/gihat.org\/index.php\/2024\/04\/08\/presentacion-del-libro-el-anarquista-errante\/#breadcrumb\"},\"inLanguage\":\"es\",\"potentialAction\":[{\"@type\":\"ReadAction\",\"target\":[\"https:\/\/gihat.org\/index.php\/2024\/04\/08\/presentacion-del-libro-el-anarquista-errante\/\"]}]},{\"@type\":\"BreadcrumbList\",\"@id\":\"https:\/\/gihat.org\/index.php\/2024\/04\/08\/presentacion-del-libro-el-anarquista-errante\/#breadcrumb\",\"itemListElement\":[{\"@type\":\"ListItem\",\"position\":1,\"name\":\"Portada\",\"item\":\"https:\/\/gihat.org\/\"},{\"@type\":\"ListItem\",\"position\":2,\"name\":\"Aplazada la presentaci\u00f3n del libro \u00abEl anarquista errante\u00bb\"}]},{\"@type\":\"Article\",\"@id\":\"https:\/\/gihat.org\/index.php\/2024\/04\/08\/presentacion-del-libro-el-anarquista-errante\/#article\",\"isPartOf\":{\"@id\":\"https:\/\/gihat.org\/index.php\/2024\/04\/08\/presentacion-del-libro-el-anarquista-errante\/#webpage\"},\"author\":{\"@id\":\"https:\/\/gihat.org\/#\/schema\/person\/4b7e32cd0a34c1aa6264b301452be612\"},\"headline\":\"Aplazada la presentaci\u00f3n del libro \u00abEl anarquista errante\u00bb\",\"datePublished\":\"2024-04-08T14:55:19+00:00\",\"dateModified\":\"2024-04-10T17:55:10+00:00\",\"mainEntityOfPage\":{\"@id\":\"https:\/\/gihat.org\/index.php\/2024\/04\/08\/presentacion-del-libro-el-anarquista-errante\/#webpage\"},\"wordCount\":64,\"publisher\":{\"@id\":\"https:\/\/gihat.org\/#organization\"},\"image\":{\"@id\":\"https:\/\/gihat.org\/index.php\/2024\/04\/08\/presentacion-del-libro-el-anarquista-errante\/#primaryimage\"},\"thumbnailUrl\":\"http:\/\/gihat.org\/wp-content\/uploads\/2024\/04\/Portada-Anarquista-Errante.jpg\",\"articleSection\":[\"Non class\u00e9\"],\"inLanguage\":\"es\"},{\"@type\":\"Person\",\"@id\":\"https:\/\/gihat.org\/#\/schema\/person\/4b7e32cd0a34c1aa6264b301452be612\",\"name\":\"GIHAT\",\"image\":{\"@type\":\"ImageObject\",\"@id\":\"https:\/\/gihat.org\/#personlogo\",\"inLanguage\":\"es\",\"url\":\"https:\/\/secure.gravatar.com\/avatar\/47504cc703c5c628658d4294df80bdbb?s=96&d=mm&r=g\",\"contentUrl\":\"https:\/\/secure.gravatar.com\/avatar\/47504cc703c5c628658d4294df80bdbb?s=96&d=mm&r=g\",\"caption\":\"GIHAT\"},\"sameAs\":[\"http:\/\/gihat.org\"],\"url\":\"https:\/\/gihat.org\/index.php\/author\/admin2042\/\"}]}<\/script>\n<!-- \/ Yoast SEO plugin. -->","yoast_head_json":{"title":"Aplazada la presentaci\u00f3n del libro \"El anarquista errante\" -","robots":{"index":"index","follow":"follow","max-snippet":"max-snippet:-1","max-image-preview":"max-image-preview:large","max-video-preview":"max-video-preview:-1"},"canonical":"https:\/\/gihat.org\/index.php\/2024\/04\/08\/presentacion-del-libro-el-anarquista-errante\/","og_locale":"es_ES","og_type":"article","og_title":"Aplazada la presentaci\u00f3n del libro \"El anarquista errante\" -","og_description":"La presentaci\u00f3n del libro El anarquista errante La aventura transatl\u00e1ntica del tip\u00f3grafo Pedro Esteve (1865-1925) de Susana Sueiro Seoane que estaba prevista para el jueves, 11 de abril de 2024 ha tenido que ser aplazada. Les informaremos cuando se confirme una nueva fecha. M\u00e1s informaci\u00f3n del libro:https:\/\/www.marcialpons.es\/libros\/el-anarquista-errante\/9788418752827\/","og_url":"https:\/\/gihat.org\/index.php\/2024\/04\/08\/presentacion-del-libro-el-anarquista-errante\/","article_published_time":"2024-04-08T14:55:19+00:00","article_modified_time":"2024-04-10T17:55:10+00:00","og_image":[{"url":"http:\/\/gihat.org\/wp-content\/uploads\/2024\/04\/Portada-Anarquista-Errante.jpg"}],"twitter_card":"summary_large_image","twitter_misc":{"Escrito por":"GIHAT","Tiempo de lectura":"1 minuto"},"schema":{"@context":"https:\/\/schema.org","@graph":[{"@type":"Organization","@id":"https:\/\/gihat.org\/#organization","name":"GIHAT, Grupo de Investigaci\u00f3n de Historia del Anarquismo Transnacional","url":"https:\/\/gihat.org\/","sameAs":[],"logo":{"@type":"ImageObject","@id":"https:\/\/gihat.org\/#logo","inLanguage":"es","url":"http:\/\/gihat.org\/wp-content\/uploads\/2021\/04\/cropped-Gihat-Logo-2.gif","contentUrl":"http:\/\/gihat.org\/wp-content\/uploads\/2021\/04\/cropped-Gihat-Logo-2.gif","width":282,"height":90,"caption":"GIHAT, Grupo de Investigaci\u00f3n de Historia del Anarquismo Transnacional"},"image":{"@id":"https:\/\/gihat.org\/#logo"}},{"@type":"WebSite","@id":"https:\/\/gihat.org\/#website","url":"https:\/\/gihat.org\/","name":"","description":"","publisher":{"@id":"https:\/\/gihat.org\/#organization"},"potentialAction":[{"@type":"SearchAction","target":{"@type":"EntryPoint","urlTemplate":"https:\/\/gihat.org\/?s={search_term_string}"},"query-input":"required name=search_term_string"}],"inLanguage":"es"},{"@type":"ImageObject","@id":"https:\/\/gihat.org\/index.php\/2024\/04\/08\/presentacion-del-libro-el-anarquista-errante\/#primaryimage","inLanguage":"es","url":"https:\/\/gihat.org\/wp-content\/uploads\/2024\/04\/Portada-Anarquista-Errante.jpg","contentUrl":"https:\/\/gihat.org\/wp-content\/uploads\/2024\/04\/Portada-Anarquista-Errante.jpg","width":537,"height":808},{"@type":"WebPage","@id":"https:\/\/gihat.org\/index.php\/2024\/04\/08\/presentacion-del-libro-el-anarquista-errante\/#webpage","url":"https:\/\/gihat.org\/index.php\/2024\/04\/08\/presentacion-del-libro-el-anarquista-errante\/","name":"Aplazada la presentaci\u00f3n del libro \"El anarquista errante\" -","isPartOf":{"@id":"https:\/\/gihat.org\/#website"},"primaryImageOfPage":{"@id":"https:\/\/gihat.org\/index.php\/2024\/04\/08\/presentacion-del-libro-el-anarquista-errante\/#primaryimage"},"datePublished":"2024-04-08T14:55:19+00:00","dateModified":"2024-04-10T17:55:10+00:00","breadcrumb":{"@id":"https:\/\/gihat.org\/index.php\/2024\/04\/08\/presentacion-del-libro-el-anarquista-errante\/#breadcrumb"},"inLanguage":"es","potentialAction":[{"@type":"ReadAction","target":["https:\/\/gihat.org\/index.php\/2024\/04\/08\/presentacion-del-libro-el-anarquista-errante\/"]}]},{"@type":"BreadcrumbList","@id":"https:\/\/gihat.org\/index.php\/2024\/04\/08\/presentacion-del-libro-el-anarquista-errante\/#breadcrumb","itemListElement":[{"@type":"ListItem","position":1,"name":"Portada","item":"https:\/\/gihat.org\/"},{"@type":"ListItem","position":2,"name":"Aplazada la presentaci\u00f3n del libro \u00abEl anarquista errante\u00bb"}]},{"@type":"Article","@id":"https:\/\/gihat.org\/index.php\/2024\/04\/08\/presentacion-del-libro-el-anarquista-errante\/#article","isPartOf":{"@id":"https:\/\/gihat.org\/index.php\/2024\/04\/08\/presentacion-del-libro-el-anarquista-errante\/#webpage"},"author":{"@id":"https:\/\/gihat.org\/#\/schema\/person\/4b7e32cd0a34c1aa6264b301452be612"},"headline":"Aplazada la presentaci\u00f3n del libro \u00abEl anarquista errante\u00bb","datePublished":"2024-04-08T14:55:19+00:00","dateModified":"2024-04-10T17:55:10+00:00","mainEntityOfPage":{"@id":"https:\/\/gihat.org\/index.php\/2024\/04\/08\/presentacion-del-libro-el-anarquista-errante\/#webpage"},"wordCount":64,"publisher":{"@id":"https:\/\/gihat.org\/#organization"},"image":{"@id":"https:\/\/gihat.org\/index.php\/2024\/04\/08\/presentacion-del-libro-el-anarquista-errante\/#primaryimage"},"thumbnailUrl":"http:\/\/gihat.org\/wp-content\/uploads\/2024\/04\/Portada-Anarquista-Errante.jpg","articleSection":["Non class\u00e9"],"inLanguage":"es"},{"@type":"Person","@id":"https:\/\/gihat.org\/#\/schema\/person\/4b7e32cd0a34c1aa6264b301452be612","name":"GIHAT","image":{"@type":"ImageObject","@id":"https:\/\/gihat.org\/#personlogo","inLanguage":"es","url":"https:\/\/secure.gravatar.com\/avatar\/47504cc703c5c628658d4294df80bdbb?s=96&d=mm&r=g","contentUrl":"https:\/\/secure.gravatar.com\/avatar\/47504cc703c5c628658d4294df80bdbb?s=96&d=mm&r=g","caption":"GIHAT"},"sameAs":["http:\/\/gihat.org"],"url":"https:\/\/gihat.org\/index.php\/author\/admin2042\/"}]}},"_links":{"self":[{"href":"https:\/\/gihat.org\/index.php\/wp-json\/wp\/v2\/posts\/436"}],"collection":[{"href":"https:\/\/gihat.org\/index.php\/wp-json\/wp\/v2\/posts"}],"about":[{"href":"https:\/\/gihat.org\/index.php\/wp-json\/wp\/v2\/types\/post"}],"author":[{"embeddable":true,"href":"https:\/\/gihat.org\/index.php\/wp-json\/wp\/v2\/users\/1"}],"replies":[{"embeddable":true,"href":"https:\/\/gihat.org\/index.php\/wp-json\/wp\/v2\/comments?post=436"}],"version-history":[{"count":5,"href":"https:\/\/gihat.org\/index.php\/wp-json\/wp\/v2\/posts\/436\/revisions"}],"predecessor-version":[{"id":445,"href":"https:\/\/gihat.org\/index.php\/wp-json\/wp\/v2\/posts\/436\/revisions\/445"}],"wp:attachment":[{"href":"https:\/\/gihat.org\/index.php\/wp-json\/wp\/v2\/media?parent=436"}],"wp:term":[{"taxonomy":"category","embeddable":true,"href":"https:\/\/gihat.org\/index.php\/wp-json\/wp\/v2\/categories?post=436"},{"taxonomy":"post_tag","embeddable":true,"href":"https:\/\/gihat.org\/index.php\/wp-json\/wp\/v2\/tags?post=436"}],"curies":[{"name":"wp","href":"https:\/\/api.w.org\/{rel}","templated":true}]}}