{"id":448,"date":"2024-06-26T09:11:24","date_gmt":"2024-06-26T07:11:24","guid":{"rendered":"https:\/\/gihat.org\/?p=448"},"modified":"2024-06-26T11:31:13","modified_gmt":"2024-06-26T09:31:13","slug":"un-anarquismo-de-ida-y-vuelta","status":"publish","type":"post","link":"https:\/\/gihat.org\/index.php\/2024\/06\/26\/un-anarquismo-de-ida-y-vuelta\/","title":{"rendered":"\u00bfUn anarquismo de ida y vuelta?"},"content":{"rendered":"\n<p style=\"font-size:22px\"><strong>La militancia libertaria en Francia como factor de politizaci\u00f3n y radicalizaci\u00f3n de la juventud de los sesenta-setenta<\/strong>.<\/p>\n\n\n\n<p>El 25 de junio de 2024 hemos celebrado una nueva sesi\u00f3n del seminario GIHAT con el debate de un documento presentado por Vicent Bellver Loizaga titulado \u201c\u00bfun anarquismo de ida y vuelta? La militancia libertaria en Francia como factor de politizaci\u00f3n y radicalizaci\u00f3n de la juventud de los sesenta-setenta\u201d. El comentarista ha sido un experto en el tema, Oscar Fr\u00e9an, de la Universidad de Lyon.<\/p>\n\n\n\n<p>A continuaci\u00f3n, el resto de participantes en el seminario debati\u00f3 el texto, del que se se\u00f1al\u00f3 su claridad conceptual y te\u00f3rica, animando al autor a proseguir su investigaci\u00f3n sobre diversos aspectos que se abordaron en las diferentes intervenciones:<\/p>\n\n\n\n<ol type=\"1\"><li>An\u00e1lisis de la sociabilidad: encuentros, espacios donde se reun\u00edan en Francia, en locales como el de la rue Sainte-Marthe o el de la rue de Saint-Denis, y los nexos que exist\u00edan entre ellos.<\/li><li>An\u00e1lisis de g\u00e9nero y masculinidades. No se trata solo de buscar o tratar de acceder a voces de mujeres, sino de hacer una lectura de g\u00e9nero y masculinidades en los relatos de los hombres entrevistados.<\/li><li>Relaci\u00f3n que puede establecerse entre las ideas de sexualidad y amor libre de los viejos camaradas anarquistas y la revoluci\u00f3n sexual de los sesenta y setenta.<\/li><li>Relaci\u00f3n de las izquierdas radicales en Francia con las de Italia y pa\u00edses latinoamericanos (como Argentina, donde est\u00e1n los trabajos de Luciano Oneto), y lo que significa para todas ellas La Habana, Argel, Nicaragua, etc.<\/li><li>Las pr\u00e1cticas y los debates entre los partidarios de la lucha armada y el terrorismo, y los que se opon\u00edan tajantemente a ello.<\/li><li>Idea de \u201crevoluci\u00f3n\u201d y evoluci\u00f3n del concepto. \u00bfQu\u00e9 entend\u00edan como \u201crevolucionario\u201d en cada momento?.<\/li><li>An\u00e1lisis de la iconograf\u00eda. Por ejemplo, del famoso s\u00edmbolo de la A dentro del c\u00edrculo, que surge en los a\u00f1os sesenta en Francia, cuyo autor fue quiz\u00e1s un espa\u00f1ol.<\/li><\/ol>\n\n\n\n<p>El texto es el resultado de una comunicaci\u00f3n presentada en un congreso y que el autor quiere reescribir para ser publicado. Un texto muy evocador, con numerosos elementos y \u201ccapas\u201d de an\u00e1lisis y reflexi\u00f3n, que en el futuro podr\u00e1 ser ampliado ya que su autor estar\u00e1 de estancia en Par\u00eds durante el pr\u00f3ximo curso con una beca posdoctoral. Hay mucho terreno a\u00fan por explorar en el conocimiento de la politizaci\u00f3n de los emigrantes econ\u00f3micos espa\u00f1oles en contacto con el exilio republicano espa\u00f1ol en Francia, as\u00ed como en la conexi\u00f3n entre el exilio republicano y los nuevos movimientos sociales como mayo del 68, con una fuerte implicaci\u00f3n de la juventud. Es interesante plantearse la relaci\u00f3n que se estableci\u00f3 entre la vieja guardia anarquista, que cultiv\u00f3 el mito de la revoluci\u00f3n espa\u00f1ola en la guerra civil, con las generaciones m\u00e1s j\u00f3venes y los nuevos movimientos \u201cradicales\u201d. La fuente esencial que utiliza el autor son los testimonios conseguidos mediante entrevistas, as\u00ed como las memorias de anarquistas espa\u00f1oles que comenzaron su militancia en Francia entre los sesenta y los ochenta del siglo XX.<\/p>\n\n\n\n<figure class=\"wp-block-image size-large\"><img loading=\"lazy\" width=\"992\" height=\"694\" src=\"https:\/\/gihat.org\/wp-content\/uploads\/2024\/06\/f.elconfidencial.jpg\" alt=\"\" class=\"wp-image-453\" srcset=\"https:\/\/gihat.org\/wp-content\/uploads\/2024\/06\/f.elconfidencial.jpg 992w, https:\/\/gihat.org\/wp-content\/uploads\/2024\/06\/f.elconfidencial-300x210.jpg 300w, https:\/\/gihat.org\/wp-content\/uploads\/2024\/06\/f.elconfidencial-768x537.jpg 768w\" sizes=\"(max-width: 992px) 100vw, 992px\" \/><\/figure>\n","protected":false},"excerpt":{"rendered":"<p>La militancia libertaria en Francia como factor de politizaci\u00f3n y radicalizaci\u00f3n de la juventud de los sesenta-setenta. El 25 de junio de 2024 hemos celebrado una nueva sesi\u00f3n del seminario GIHAT con el debate de un documento presentado por Vicent Bellver Loizaga titulado \u201c\u00bfun anarquismo de ida y vuelta? La militancia libertaria en Francia como&hellip;&nbsp;<a href=\"https:\/\/gihat.org\/index.php\/2024\/06\/26\/un-anarquismo-de-ida-y-vuelta\/\" class=\"\" rel=\"bookmark\">Leer m\u00e1s &raquo;<span class=\"screen-reader-text\">\u00bfUn anarquismo de ida y vuelta?<\/span><\/a><\/p>\n","protected":false},"author":1,"featured_media":0,"comment_status":"closed","ping_status":"closed","sticky":false,"template":"","format":"standard","meta":{"neve_meta_sidebar":"","neve_meta_container":"","neve_meta_enable_content_width":"","neve_meta_content_width":0,"neve_meta_title_alignment":"","neve_meta_author_avatar":"","neve_post_elements_order":"","neve_meta_disable_header":"","neve_meta_disable_footer":"","neve_meta_disable_title":""},"categories":[1],"tags":[],"yoast_head":"<!-- This site is optimized with the Yoast SEO plugin v18.4.1 - https:\/\/yoast.com\/wordpress\/plugins\/seo\/ -->\n<title>\u00bfUn anarquismo de ida y vuelta? -<\/title>\n<meta name=\"description\" content=\"\u00bfUn anarquismo de ida y vuelta? La militancia libertaria en Francia como factor de politizaci\u00f3n y radicalizaci\u00f3n de la juventud de los sesenta-setenta\" \/>\n<meta name=\"robots\" content=\"index, follow, max-snippet:-1, max-image-preview:large, max-video-preview:-1\" \/>\n<link rel=\"canonical\" href=\"https:\/\/gihat.org\/index.php\/2024\/06\/26\/un-anarquismo-de-ida-y-vuelta\/\" \/>\n<meta property=\"og:locale\" content=\"es_ES\" \/>\n<meta property=\"og:type\" content=\"article\" \/>\n<meta property=\"og:title\" content=\"\u00bfUn anarquismo de ida y vuelta? -\" \/>\n<meta property=\"og:description\" content=\"\u00bfUn anarquismo de ida y vuelta? La militancia libertaria en Francia como factor de politizaci\u00f3n y radicalizaci\u00f3n de la juventud de los sesenta-setenta\" \/>\n<meta property=\"og:url\" content=\"https:\/\/gihat.org\/index.php\/2024\/06\/26\/un-anarquismo-de-ida-y-vuelta\/\" \/>\n<meta property=\"article:published_time\" content=\"2024-06-26T07:11:24+00:00\" \/>\n<meta property=\"article:modified_time\" content=\"2024-06-26T09:31:13+00:00\" \/>\n<meta property=\"og:image\" content=\"https:\/\/gihat.org\/wp-content\/uploads\/2024\/06\/f.elconfidencial.jpg\" \/>\n<meta name=\"twitter:card\" content=\"summary_large_image\" \/>\n<meta name=\"twitter:label1\" content=\"Escrito por\" \/>\n\t<meta name=\"twitter:data1\" content=\"GIHAT\" \/>\n\t<meta name=\"twitter:label2\" content=\"Tiempo de lectura\" \/>\n\t<meta name=\"twitter:data2\" content=\"3 minutos\" \/>\n<script type=\"application\/ld+json\" class=\"yoast-schema-graph\">{\"@context\":\"https:\/\/schema.org\",\"@graph\":[{\"@type\":\"Organization\",\"@id\":\"https:\/\/gihat.org\/#organization\",\"name\":\"GIHAT, Grupo de Investigaci\u00f3n de Historia del Anarquismo Transnacional\",\"url\":\"https:\/\/gihat.org\/\",\"sameAs\":[],\"logo\":{\"@type\":\"ImageObject\",\"@id\":\"https:\/\/gihat.org\/#logo\",\"inLanguage\":\"es\",\"url\":\"http:\/\/gihat.org\/wp-content\/uploads\/2021\/04\/cropped-Gihat-Logo-2.gif\",\"contentUrl\":\"http:\/\/gihat.org\/wp-content\/uploads\/2021\/04\/cropped-Gihat-Logo-2.gif\",\"width\":282,\"height\":90,\"caption\":\"GIHAT, Grupo de Investigaci\u00f3n de Historia del Anarquismo Transnacional\"},\"image\":{\"@id\":\"https:\/\/gihat.org\/#logo\"}},{\"@type\":\"WebSite\",\"@id\":\"https:\/\/gihat.org\/#website\",\"url\":\"https:\/\/gihat.org\/\",\"name\":\"\",\"description\":\"\",\"publisher\":{\"@id\":\"https:\/\/gihat.org\/#organization\"},\"potentialAction\":[{\"@type\":\"SearchAction\",\"target\":{\"@type\":\"EntryPoint\",\"urlTemplate\":\"https:\/\/gihat.org\/?s={search_term_string}\"},\"query-input\":\"required name=search_term_string\"}],\"inLanguage\":\"es\"},{\"@type\":\"ImageObject\",\"@id\":\"https:\/\/gihat.org\/index.php\/2024\/06\/26\/un-anarquismo-de-ida-y-vuelta\/#primaryimage\",\"inLanguage\":\"es\",\"url\":\"https:\/\/gihat.org\/wp-content\/uploads\/2024\/06\/f.elconfidencial.jpg\",\"contentUrl\":\"https:\/\/gihat.org\/wp-content\/uploads\/2024\/06\/f.elconfidencial.jpg\"},{\"@type\":\"WebPage\",\"@id\":\"https:\/\/gihat.org\/index.php\/2024\/06\/26\/un-anarquismo-de-ida-y-vuelta\/#webpage\",\"url\":\"https:\/\/gihat.org\/index.php\/2024\/06\/26\/un-anarquismo-de-ida-y-vuelta\/\",\"name\":\"\u00bfUn anarquismo de ida y vuelta? -\",\"isPartOf\":{\"@id\":\"https:\/\/gihat.org\/#website\"},\"primaryImageOfPage\":{\"@id\":\"https:\/\/gihat.org\/index.php\/2024\/06\/26\/un-anarquismo-de-ida-y-vuelta\/#primaryimage\"},\"datePublished\":\"2024-06-26T07:11:24+00:00\",\"dateModified\":\"2024-06-26T09:31:13+00:00\",\"description\":\"\u00bfUn anarquismo de ida y vuelta? La militancia libertaria en Francia como factor de politizaci\u00f3n y radicalizaci\u00f3n de la juventud de los sesenta-setenta\",\"breadcrumb\":{\"@id\":\"https:\/\/gihat.org\/index.php\/2024\/06\/26\/un-anarquismo-de-ida-y-vuelta\/#breadcrumb\"},\"inLanguage\":\"es\",\"potentialAction\":[{\"@type\":\"ReadAction\",\"target\":[\"https:\/\/gihat.org\/index.php\/2024\/06\/26\/un-anarquismo-de-ida-y-vuelta\/\"]}]},{\"@type\":\"BreadcrumbList\",\"@id\":\"https:\/\/gihat.org\/index.php\/2024\/06\/26\/un-anarquismo-de-ida-y-vuelta\/#breadcrumb\",\"itemListElement\":[{\"@type\":\"ListItem\",\"position\":1,\"name\":\"Portada\",\"item\":\"https:\/\/gihat.org\/\"},{\"@type\":\"ListItem\",\"position\":2,\"name\":\"\u00bfUn anarquismo de ida y vuelta?\"}]},{\"@type\":\"Article\",\"@id\":\"https:\/\/gihat.org\/index.php\/2024\/06\/26\/un-anarquismo-de-ida-y-vuelta\/#article\",\"isPartOf\":{\"@id\":\"https:\/\/gihat.org\/index.php\/2024\/06\/26\/un-anarquismo-de-ida-y-vuelta\/#webpage\"},\"author\":{\"@id\":\"https:\/\/gihat.org\/#\/schema\/person\/4b7e32cd0a34c1aa6264b301452be612\"},\"headline\":\"\u00bfUn anarquismo de ida y vuelta?\",\"datePublished\":\"2024-06-26T07:11:24+00:00\",\"dateModified\":\"2024-06-26T09:31:13+00:00\",\"mainEntityOfPage\":{\"@id\":\"https:\/\/gihat.org\/index.php\/2024\/06\/26\/un-anarquismo-de-ida-y-vuelta\/#webpage\"},\"wordCount\":548,\"publisher\":{\"@id\":\"https:\/\/gihat.org\/#organization\"},\"image\":{\"@id\":\"https:\/\/gihat.org\/index.php\/2024\/06\/26\/un-anarquismo-de-ida-y-vuelta\/#primaryimage\"},\"thumbnailUrl\":\"https:\/\/gihat.org\/wp-content\/uploads\/2024\/06\/f.elconfidencial.jpg\",\"articleSection\":[\"Non class\u00e9\"],\"inLanguage\":\"es\"},{\"@type\":\"Person\",\"@id\":\"https:\/\/gihat.org\/#\/schema\/person\/4b7e32cd0a34c1aa6264b301452be612\",\"name\":\"GIHAT\",\"image\":{\"@type\":\"ImageObject\",\"@id\":\"https:\/\/gihat.org\/#personlogo\",\"inLanguage\":\"es\",\"url\":\"https:\/\/secure.gravatar.com\/avatar\/47504cc703c5c628658d4294df80bdbb?s=96&d=mm&r=g\",\"contentUrl\":\"https:\/\/secure.gravatar.com\/avatar\/47504cc703c5c628658d4294df80bdbb?s=96&d=mm&r=g\",\"caption\":\"GIHAT\"},\"sameAs\":[\"http:\/\/gihat.org\"],\"url\":\"https:\/\/gihat.org\/index.php\/author\/admin2042\/\"}]}<\/script>\n<!-- \/ Yoast SEO plugin. -->","yoast_head_json":{"title":"\u00bfUn anarquismo de ida y vuelta? -","description":"\u00bfUn anarquismo de ida y vuelta? La militancia libertaria en Francia como factor de politizaci\u00f3n y radicalizaci\u00f3n de la juventud de los sesenta-setenta","robots":{"index":"index","follow":"follow","max-snippet":"max-snippet:-1","max-image-preview":"max-image-preview:large","max-video-preview":"max-video-preview:-1"},"canonical":"https:\/\/gihat.org\/index.php\/2024\/06\/26\/un-anarquismo-de-ida-y-vuelta\/","og_locale":"es_ES","og_type":"article","og_title":"\u00bfUn anarquismo de ida y vuelta? -","og_description":"\u00bfUn anarquismo de ida y vuelta? La militancia libertaria en Francia como factor de politizaci\u00f3n y radicalizaci\u00f3n de la juventud de los sesenta-setenta","og_url":"https:\/\/gihat.org\/index.php\/2024\/06\/26\/un-anarquismo-de-ida-y-vuelta\/","article_published_time":"2024-06-26T07:11:24+00:00","article_modified_time":"2024-06-26T09:31:13+00:00","og_image":[{"url":"https:\/\/gihat.org\/wp-content\/uploads\/2024\/06\/f.elconfidencial.jpg"}],"twitter_card":"summary_large_image","twitter_misc":{"Escrito por":"GIHAT","Tiempo de lectura":"3 minutos"},"schema":{"@context":"https:\/\/schema.org","@graph":[{"@type":"Organization","@id":"https:\/\/gihat.org\/#organization","name":"GIHAT, Grupo de Investigaci\u00f3n de Historia del Anarquismo Transnacional","url":"https:\/\/gihat.org\/","sameAs":[],"logo":{"@type":"ImageObject","@id":"https:\/\/gihat.org\/#logo","inLanguage":"es","url":"http:\/\/gihat.org\/wp-content\/uploads\/2021\/04\/cropped-Gihat-Logo-2.gif","contentUrl":"http:\/\/gihat.org\/wp-content\/uploads\/2021\/04\/cropped-Gihat-Logo-2.gif","width":282,"height":90,"caption":"GIHAT, Grupo de Investigaci\u00f3n de Historia del Anarquismo Transnacional"},"image":{"@id":"https:\/\/gihat.org\/#logo"}},{"@type":"WebSite","@id":"https:\/\/gihat.org\/#website","url":"https:\/\/gihat.org\/","name":"","description":"","publisher":{"@id":"https:\/\/gihat.org\/#organization"},"potentialAction":[{"@type":"SearchAction","target":{"@type":"EntryPoint","urlTemplate":"https:\/\/gihat.org\/?s={search_term_string}"},"query-input":"required name=search_term_string"}],"inLanguage":"es"},{"@type":"ImageObject","@id":"https:\/\/gihat.org\/index.php\/2024\/06\/26\/un-anarquismo-de-ida-y-vuelta\/#primaryimage","inLanguage":"es","url":"https:\/\/gihat.org\/wp-content\/uploads\/2024\/06\/f.elconfidencial.jpg","contentUrl":"https:\/\/gihat.org\/wp-content\/uploads\/2024\/06\/f.elconfidencial.jpg"},{"@type":"WebPage","@id":"https:\/\/gihat.org\/index.php\/2024\/06\/26\/un-anarquismo-de-ida-y-vuelta\/#webpage","url":"https:\/\/gihat.org\/index.php\/2024\/06\/26\/un-anarquismo-de-ida-y-vuelta\/","name":"\u00bfUn anarquismo de ida y vuelta? -","isPartOf":{"@id":"https:\/\/gihat.org\/#website"},"primaryImageOfPage":{"@id":"https:\/\/gihat.org\/index.php\/2024\/06\/26\/un-anarquismo-de-ida-y-vuelta\/#primaryimage"},"datePublished":"2024-06-26T07:11:24+00:00","dateModified":"2024-06-26T09:31:13+00:00","description":"\u00bfUn anarquismo de ida y vuelta? La militancia libertaria en Francia como factor de politizaci\u00f3n y radicalizaci\u00f3n de la juventud de los sesenta-setenta","breadcrumb":{"@id":"https:\/\/gihat.org\/index.php\/2024\/06\/26\/un-anarquismo-de-ida-y-vuelta\/#breadcrumb"},"inLanguage":"es","potentialAction":[{"@type":"ReadAction","target":["https:\/\/gihat.org\/index.php\/2024\/06\/26\/un-anarquismo-de-ida-y-vuelta\/"]}]},{"@type":"BreadcrumbList","@id":"https:\/\/gihat.org\/index.php\/2024\/06\/26\/un-anarquismo-de-ida-y-vuelta\/#breadcrumb","itemListElement":[{"@type":"ListItem","position":1,"name":"Portada","item":"https:\/\/gihat.org\/"},{"@type":"ListItem","position":2,"name":"\u00bfUn anarquismo de ida y vuelta?"}]},{"@type":"Article","@id":"https:\/\/gihat.org\/index.php\/2024\/06\/26\/un-anarquismo-de-ida-y-vuelta\/#article","isPartOf":{"@id":"https:\/\/gihat.org\/index.php\/2024\/06\/26\/un-anarquismo-de-ida-y-vuelta\/#webpage"},"author":{"@id":"https:\/\/gihat.org\/#\/schema\/person\/4b7e32cd0a34c1aa6264b301452be612"},"headline":"\u00bfUn anarquismo de ida y vuelta?","datePublished":"2024-06-26T07:11:24+00:00","dateModified":"2024-06-26T09:31:13+00:00","mainEntityOfPage":{"@id":"https:\/\/gihat.org\/index.php\/2024\/06\/26\/un-anarquismo-de-ida-y-vuelta\/#webpage"},"wordCount":548,"publisher":{"@id":"https:\/\/gihat.org\/#organization"},"image":{"@id":"https:\/\/gihat.org\/index.php\/2024\/06\/26\/un-anarquismo-de-ida-y-vuelta\/#primaryimage"},"thumbnailUrl":"https:\/\/gihat.org\/wp-content\/uploads\/2024\/06\/f.elconfidencial.jpg","articleSection":["Non class\u00e9"],"inLanguage":"es"},{"@type":"Person","@id":"https:\/\/gihat.org\/#\/schema\/person\/4b7e32cd0a34c1aa6264b301452be612","name":"GIHAT","image":{"@type":"ImageObject","@id":"https:\/\/gihat.org\/#personlogo","inLanguage":"es","url":"https:\/\/secure.gravatar.com\/avatar\/47504cc703c5c628658d4294df80bdbb?s=96&d=mm&r=g","contentUrl":"https:\/\/secure.gravatar.com\/avatar\/47504cc703c5c628658d4294df80bdbb?s=96&d=mm&r=g","caption":"GIHAT"},"sameAs":["http:\/\/gihat.org"],"url":"https:\/\/gihat.org\/index.php\/author\/admin2042\/"}]}},"_links":{"self":[{"href":"https:\/\/gihat.org\/index.php\/wp-json\/wp\/v2\/posts\/448"}],"collection":[{"href":"https:\/\/gihat.org\/index.php\/wp-json\/wp\/v2\/posts"}],"about":[{"href":"https:\/\/gihat.org\/index.php\/wp-json\/wp\/v2\/types\/post"}],"author":[{"embeddable":true,"href":"https:\/\/gihat.org\/index.php\/wp-json\/wp\/v2\/users\/1"}],"replies":[{"embeddable":true,"href":"https:\/\/gihat.org\/index.php\/wp-json\/wp\/v2\/comments?post=448"}],"version-history":[{"count":5,"href":"https:\/\/gihat.org\/index.php\/wp-json\/wp\/v2\/posts\/448\/revisions"}],"predecessor-version":[{"id":454,"href":"https:\/\/gihat.org\/index.php\/wp-json\/wp\/v2\/posts\/448\/revisions\/454"}],"wp:attachment":[{"href":"https:\/\/gihat.org\/index.php\/wp-json\/wp\/v2\/media?parent=448"}],"wp:term":[{"taxonomy":"category","embeddable":true,"href":"https:\/\/gihat.org\/index.php\/wp-json\/wp\/v2\/categories?post=448"},{"taxonomy":"post_tag","embeddable":true,"href":"https:\/\/gihat.org\/index.php\/wp-json\/wp\/v2\/tags?post=448"}],"curies":[{"name":"wp","href":"https:\/\/api.w.org\/{rel}","templated":true}]}}